{"id":1799,"date":"2022-02-16T18:08:59","date_gmt":"2022-02-16T17:08:59","guid":{"rendered":"https:\/\/seksissach.ch\/v4\/?p=1799"},"modified":"2022-02-16T18:09:01","modified_gmt":"2022-02-16T17:09:01","slug":"aufhebung-masken-und-testpflicht-ab-17-2-2022","status":"publish","type":"post","link":"https:\/\/seksissach.ch\/v4\/aufhebung-masken-und-testpflicht-ab-17-2-2022\/","title":{"rendered":"Aufhebung Masken- und Testpflicht ab 17.2.2022"},"content":{"rendered":"\n<p><strong>Aufgrund der Entscheide des Bundesrats vom 16.2.2022 hat der Regierungsrat BL die Aufhebung der Masken- und Testpflicht beschlossen, Anbei das diesbez\u00fcgliche Schreiben des Amts f\u00fcr Volksschulen<\/strong>:<\/p>\n\n\n\n<p>Sehr geehrte Damen und Herren<\/p>\n\n\n\n<p>Zur Information und Weiterleitung an Mitarbeitende und Eltern lassen wir Ihnen untenstehende Information zusammen mit der beiliegenden Medienmitteilung des Regierungsrates vom 16. Februar 2022 zukommen.<\/p>\n\n\n\n<p><strong>Der Bundesrat hat am Mittwoch, 16. Februar 2022, die Aufhebung der Maskenpflicht in Innenr\u00e4umen beschlossen. Damit entf\u00e4llt die Maskenpflicht an den Mittel- und Berufsfachschulen. <span class=\"has-inline-color has-vivid-red-color\">Der Regierungsrat des Kantons Basel-Landschaft hebt \u00fcberdies die Maskenpflicht an der Volksschule und die Testpflicht an allen Schulen mit sofortiger Wirkung auf.&nbsp;<\/span><\/strong><\/p>\n\n\n\n<p>Die repetitiven Massentests im Rahmen des Programms <strong>\u00abBreites Testen Baselland\u00bb<\/strong> werden an den Schulen aller Stufen <strong>bis zum 31. M\u00e4rz 2022<\/strong> weitergef\u00fchrt. <strong>Eine Teilnahme wird weiterhin dringend empfohlen, ist jedoch nicht mehr verpflichtend.<\/strong><\/p>\n\n\n\n<p>Das <strong>freiwillige Tragen einer Maske<\/strong> und das <strong>Einhalten der Hygienemassnahmen<\/strong> wird aufgrund der nach wie vor hohen Ansteckungszahlen sowie mit R\u00fccksicht auf besonders gef\u00e4hrdete Personengruppen sowohl f\u00fcr Sch\u00fclerinnen, Sch\u00fcler und Lernende als auch Lehrpersonen <strong>weiterhin empfohlen<\/strong>.<\/p>\n\n\n\n<p>Den Heim- und Sonderschulen erlaubt der Bund zudem, zum Schutz vulnerabler Kinder und Jugendlicher weiterhin eine Maskentragepflicht vorzusehen.&nbsp;<\/p>\n\n\n\n<p>Die kantonale Covid-Verordnung werden entsprechend angepasst und die Schulen am Freitag, 18. Februar 2022, \u00fcber die aktuellen Empfehlungen informiert.<\/p>\n\n\n\n<p><a href=\"https:\/\/seksissach.ch\/v4\/wp-content\/uploads\/2022\/02\/MM-BR-Entscheid-zu-Covid-Massnahmen_def.pdf\">Medienmitteilung vom 16.2.22<\/a><\/p>\n","protected":false},"excerpt":{"rendered":"<p>Aufgrund der Entscheide des Bundesrats vom 16.2.2022 hat der Regierungsrat BL die Aufhebung der Masken- und Testpflicht beschlossen, Anbei das diesbez\u00fcgliche Schreiben des Amts f\u00fcr Volksschulen: Sehr geehrte Damen und Herren Zur Information und Weiterleitung an Mitarbeitende und Eltern lassen wir Ihnen untenstehende Information zusammen mit der beiliegenden Medienmitteilung des Regierungsrates vom 16. Februar 2022 &hellip; <\/p>\n<p class=\"link-more\"><a href=\"https:\/\/seksissach.ch\/v4\/aufhebung-masken-und-testpflicht-ab-17-2-2022\/\" class=\"more-link\"><span class=\"screen-reader-text\">\u201eAufhebung Masken- und Testpflicht ab 17.2.2022\u201c <\/span>weiterlesen<\/a><\/p>\n","protected":false},"author":5,"featured_media":0,"comment_status":"closed","ping_status":"closed","sticky":false,"template":"","format":"standard","meta":{"pagelayer_contact_templates":[],"_pagelayer_content":"","footnotes":""},"categories":[9],"tags":[],"class_list":["post-1799","post","type-post","status-publish","format-standard","hentry","category-allgemeine-mitteilungen"],"_links":{"self":[{"href":"https:\/\/seksissach.ch\/v4\/wp-json\/wp\/v2\/posts\/1799","targetHints":{"allow":["GET"]}}],"collection":[{"href":"https:\/\/seksissach.ch\/v4\/wp-json\/wp\/v2\/posts"}],"about":[{"href":"https:\/\/seksissach.ch\/v4\/wp-json\/wp\/v2\/types\/post"}],"author":[{"embeddable":true,"href":"https:\/\/seksissach.ch\/v4\/wp-json\/wp\/v2\/users\/5"}],"replies":[{"embeddable":true,"href":"https:\/\/seksissach.ch\/v4\/wp-json\/wp\/v2\/comments?post=1799"}],"version-history":[{"count":4,"href":"https:\/\/seksissach.ch\/v4\/wp-json\/wp\/v2\/posts\/1799\/revisions"}],"predecessor-version":[{"id":1805,"href":"https:\/\/seksissach.ch\/v4\/wp-json\/wp\/v2\/posts\/1799\/revisions\/1805"}],"wp:attachment":[{"href":"https:\/\/seksissach.ch\/v4\/wp-json\/wp\/v2\/media?parent=1799"}],"wp:term":[{"taxonomy":"category","embeddable":true,"href":"https:\/\/seksissach.ch\/v4\/wp-json\/wp\/v2\/categories?post=1799"},{"taxonomy":"post_tag","embeddable":true,"href":"https:\/\/seksissach.ch\/v4\/wp-json\/wp\/v2\/tags?post=1799"}],"curies":[{"name":"wp","href":"https:\/\/api.w.org\/{rel}","templated":true}]}}