{"id":1742,"date":"2021-12-09T08:42:43","date_gmt":"2021-12-09T07:42:43","guid":{"rendered":"https:\/\/seksissach.ch\/v4\/?p=1742"},"modified":"2021-12-14T16:52:16","modified_gmt":"2021-12-14T15:52:16","slug":"covid-neues-schutz-organisationskonzept-per-8-12-21-breites-testen-weitere-informationen","status":"publish","type":"post","link":"https:\/\/seksissach.ch\/v4\/covid-neues-schutz-organisationskonzept-per-8-12-21-breites-testen-weitere-informationen\/","title":{"rendered":"COVID: Neues Schutz-\/Organisationskonzept per 8.12.21 &#8211; Breites Testen: Weitere Informationen"},"content":{"rendered":"\n<p>Das <strong>Schutz- und Organisationskonzept<\/strong> ist per 8.12.21 an die versch\u00e4rfte Epidemielage angepasst worden. Folgende \u00c4nderungen betreffen die Sch\u00fcler\/-innen und Erziehungsberechtigen direkt: <\/p>\n\n\n\n<ul class=\"wp-block-list\"><li>Absage aller Lager\/Reisen mit \u00dcbernachtung bis Ende Februar 2022<\/li><li>Maskenpflicht auch im Sportunterricht<\/li><\/ul>\n\n\n\n<p><strong><span class=\"has-inline-color has-vivid-red-color\">Dies bedeutet, dass die Winterlager der Sekundarschule Sissach vom 10. &#8211; 14. Januar 2022 ABGESAGT sind. <\/span><\/strong><\/p>\n\n\n\n<p>Das neue Schutz- und Organisationskonzept finden Sie <a href=\"https:\/\/seksissach.ch\/v4\/wp-content\/uploads\/2021\/12\/2021-12-08_Schutz-und-Organisationskonzept_AVS_SJ-21-22_DEF.pdf\">hier zum Download <\/a><\/p>\n\n\n\n<h2 class=\"wp-block-heading\"><strong><span class=\"has-inline-color has-vivid-red-color\"><em>Breites Testen<\/em>: <\/span>Schreiben des Breiten Testen BL mit Informationen zum Depooling mit der Anleitung zur elektronischen Anmeldung.<\/strong> <\/h2>\n\n\n\n<p>Das entsprechende Schreiben finden Sie <a href=\"https:\/\/seksissach.ch\/v4\/wp-content\/uploads\/2021\/12\/2021-12-08_Elternbrief_Breites-Testen.pdf\">hier zum Download. <\/a><\/p>\n","protected":false},"excerpt":{"rendered":"<p>Das Schutz- und Organisationskonzept ist per 8.12.21 an die versch\u00e4rfte Epidemielage angepasst worden. Folgende \u00c4nderungen betreffen die Sch\u00fcler\/-innen und Erziehungsberechtigen direkt: Absage aller Lager\/Reisen mit \u00dcbernachtung bis Ende Februar 2022 Maskenpflicht auch im Sportunterricht Dies bedeutet, dass die Winterlager der Sekundarschule Sissach vom 10. &#8211; 14. Januar 2022 ABGESAGT sind. Das neue Schutz- und Organisationskonzept &hellip; <\/p>\n<p class=\"link-more\"><a href=\"https:\/\/seksissach.ch\/v4\/covid-neues-schutz-organisationskonzept-per-8-12-21-breites-testen-weitere-informationen\/\" class=\"more-link\"><span class=\"screen-reader-text\">\u201eCOVID: Neues Schutz-\/Organisationskonzept per 8.12.21 &#8211; Breites Testen: Weitere Informationen\u201c <\/span>weiterlesen<\/a><\/p>\n","protected":false},"author":5,"featured_media":0,"comment_status":"closed","ping_status":"closed","sticky":false,"template":"","format":"standard","meta":{"pagelayer_contact_templates":[],"_pagelayer_content":"","footnotes":""},"categories":[9],"tags":[],"class_list":["post-1742","post","type-post","status-publish","format-standard","hentry","category-allgemeine-mitteilungen"],"_links":{"self":[{"href":"https:\/\/seksissach.ch\/v4\/wp-json\/wp\/v2\/posts\/1742","targetHints":{"allow":["GET"]}}],"collection":[{"href":"https:\/\/seksissach.ch\/v4\/wp-json\/wp\/v2\/posts"}],"about":[{"href":"https:\/\/seksissach.ch\/v4\/wp-json\/wp\/v2\/types\/post"}],"author":[{"embeddable":true,"href":"https:\/\/seksissach.ch\/v4\/wp-json\/wp\/v2\/users\/5"}],"replies":[{"embeddable":true,"href":"https:\/\/seksissach.ch\/v4\/wp-json\/wp\/v2\/comments?post=1742"}],"version-history":[{"count":7,"href":"https:\/\/seksissach.ch\/v4\/wp-json\/wp\/v2\/posts\/1742\/revisions"}],"predecessor-version":[{"id":1753,"href":"https:\/\/seksissach.ch\/v4\/wp-json\/wp\/v2\/posts\/1742\/revisions\/1753"}],"wp:attachment":[{"href":"https:\/\/seksissach.ch\/v4\/wp-json\/wp\/v2\/media?parent=1742"}],"wp:term":[{"taxonomy":"category","embeddable":true,"href":"https:\/\/seksissach.ch\/v4\/wp-json\/wp\/v2\/categories?post=1742"},{"taxonomy":"post_tag","embeddable":true,"href":"https:\/\/seksissach.ch\/v4\/wp-json\/wp\/v2\/tags?post=1742"}],"curies":[{"name":"wp","href":"https:\/\/api.w.org\/{rel}","templated":true}]}}