{"id":1665,"date":"2021-11-25T19:10:06","date_gmt":"2021-11-25T18:10:06","guid":{"rendered":"https:\/\/seksissach.ch\/v4\/?p=1665"},"modified":"2021-11-30T16:37:46","modified_gmt":"2021-11-30T15:37:46","slug":"covid-19-steigende-fallzahlen-maskenpflicht-ab-montag-29-11-21-und-weitere-informationen","status":"publish","type":"post","link":"https:\/\/seksissach.ch\/v4\/covid-19-steigende-fallzahlen-maskenpflicht-ab-montag-29-11-21-und-weitere-informationen\/","title":{"rendered":"Covid 19: Steigende Fallzahlen &#8211; Maskenpflicht ab Montag, 29.11.21 und weitere Informationen"},"content":{"rendered":"\n<p>Sehr geehrte Erziehungsberechtigte<\/p>\n\n\n\n<p><strong>Die Coronaf\u00e4lle nehmen wieder zu.<\/strong> Auch an unserer Schule beobachten wir in den letzten Wochen und Tagen steigende Fallzahlen. Wir bitten Sie und Ihr Kind deshalb, die geltenden Schutz- und Hygienemassnahmen einzuhalten. Damit sch\u00fctzen wir nicht nur uns, sondern auch andere.  Der Kanton Basel-Landschaft reagiert auf die steigenden Fallzahlen mit einer Anpassung der geltenden Corona-Massnahmen: <\/p>\n\n\n\n<p><strong><span class=\"has-inline-color has-vivid-red-color\">Maskenpflicht in Innenr\u00e4umen:<\/span><\/strong>  Der Kanton Basel-Landschaft hat das Schutz- und Organisationskonzept wieder versch\u00e4rft und unter anderem<strong> eine Maskenpflicht in Innenr\u00e4umen <\/strong>f\u00fcr Sch\u00fcler*innen und Lehrpersonen &#8211; g\u00fcltig ab <strong>Montag, 29.11.2021<\/strong> &#8211; erlassen.  Das Schutz- und Organisationskonzept und den Elternbrief finden Sie am Ende des Artikels zum Download. <\/p>\n\n\n\n<p><strong><span class=\"has-inline-color has-vivid-red-color\">Breites Testen: <\/span><\/strong> Das Breite Testen wird mindestens bis zu den Osterferien weitergef\u00fchrt. Neu d\u00fcrfen\/sollen auch <strong>vollst\u00e4ndig Geimpfte<\/strong> und <strong>Genesene<\/strong> (letztere nach einer dreimonatigen Sperrfrist) mitspucken.  Das Breite Testen ein wichtiges Mittel, um Ansteckungen an den Schulen fr\u00fchzeitig zu finden und andere zu sch\u00fctzen.  <strong>Deshalb empfehlen wir die Teilnahme m\u00f6glichst aller Sch\u00fcler*innen, die nicht der Sperrfrist unterliegen.<\/strong> Politisch sind  Bestrebungen im Gang, zu erwirken, dass die \u00d6ffnungszeiten der Depooling-Station Sissach erweitert werden, damit ein Depooling auch bei sp\u00e4t eintreffenden Pools regional erfolgen kann. <\/p>\n\n\n\n<p><strong><span class=\"has-inline-color has-vivid-red-color\">Impfen an Schulen<\/span>: <\/strong>Die Schulleitungskonferenz der Sekundarschulen hat vom Amt f\u00fcr Gesundheit verbindliche Zeitpl\u00e4ne eingefordert, wann an den Schulen geimpft werden soll. Dies nachdem wir \u00fcber einen Monat dar\u00fcber im Unklaren gelassen wurden und sich Eltern &#8211; zu Recht &#8211; beschwert hatten.  Die Sekundarschule Sissach wird bis Ende Monat die Termine f\u00fcr die <strong>Erstimpfung (noch vor den Weihnachtsferien)<\/strong> und f\u00fcr die <strong>Zweitimpfung (im Januar) <\/strong>erhalten. <\/p>\n\n\n\n<p><a href=\"https:\/\/seksissach.ch\/v4\/wp-content\/uploads\/2021\/11\/2021-11-25_Elternbrief_Verstaerkte-Schutzmassnahmen_VS.pdf\">Elternbrief &#8211; Maskenpflicht ab 29.11.21<\/a><\/p>\n\n\n\n<p><a href=\"https:\/\/seksissach.ch\/v4\/wp-content\/uploads\/2021\/11\/2021-11-25_Schutz-und-Organisationskonzept_AVS_SJ-21-22_DEF.pdf\">Schutz- und Organisationskonzept BL &#8211; g\u00fcltig ab 29.11.21<\/a><\/p>\n\n\n\n<p class=\"has-background\" style=\"background-color:#fff000\"><strong>Sollten bei Ihrem Kind Krankheit- und Erk\u00e4ltungssymptome vorliegen, so bitte wir Sie, dem entsprechenden <a href=\"https:\/\/seksissach.ch\/v4\/wp-content\/uploads\/2021\/09\/Vorgehen-bei-Krankheits-oder-Erkaeltungssymptomen.pdf\" target=\"_blank\" rel=\"noreferrer noopener\">Merkblatt<\/a><\/strong> <strong>Folge zu leisten.<\/strong><\/p>\n\n\n\n<figure class=\"wp-block-image size-large\"><img loading=\"lazy\" decoding=\"async\" width=\"720\" height=\"1024\" src=\"https:\/\/seksissach.ch\/v4\/wp-content\/uploads\/2021\/09\/vorschau_schema-720x1024.png\" alt=\"\" class=\"wp-image-1587\" srcset=\"https:\/\/seksissach.ch\/v4\/wp-content\/uploads\/2021\/09\/vorschau_schema-720x1024.png 720w, https:\/\/seksissach.ch\/v4\/wp-content\/uploads\/2021\/09\/vorschau_schema-211x300.png 211w, https:\/\/seksissach.ch\/v4\/wp-content\/uploads\/2021\/09\/vorschau_schema-768x1093.png 768w, https:\/\/seksissach.ch\/v4\/wp-content\/uploads\/2021\/09\/vorschau_schema.png 1012w\" sizes=\"auto, (max-width: 720px) 100vw, 720px\" \/><\/figure>\n","protected":false},"excerpt":{"rendered":"<p>Sehr geehrte Erziehungsberechtigte Die Coronaf\u00e4lle nehmen wieder zu. Auch an unserer Schule beobachten wir in den letzten Wochen und Tagen steigende Fallzahlen. Wir bitten Sie und Ihr Kind deshalb, die geltenden Schutz- und Hygienemassnahmen einzuhalten. Damit sch\u00fctzen wir nicht nur uns, sondern auch andere. Der Kanton Basel-Landschaft reagiert auf die steigenden Fallzahlen mit einer Anpassung &hellip; <\/p>\n<p class=\"link-more\"><a href=\"https:\/\/seksissach.ch\/v4\/covid-19-steigende-fallzahlen-maskenpflicht-ab-montag-29-11-21-und-weitere-informationen\/\" class=\"more-link\"><span class=\"screen-reader-text\">\u201eCovid 19: Steigende Fallzahlen &#8211; Maskenpflicht ab Montag, 29.11.21 und weitere Informationen\u201c <\/span>weiterlesen<\/a><\/p>\n","protected":false},"author":5,"featured_media":287,"comment_status":"closed","ping_status":"closed","sticky":false,"template":"","format":"standard","meta":{"pagelayer_contact_templates":[],"_pagelayer_content":"","footnotes":""},"categories":[10],"tags":[],"class_list":["post-1665","post","type-post","status-publish","format-standard","has-post-thumbnail","hentry","category-covid-19"],"_links":{"self":[{"href":"https:\/\/seksissach.ch\/v4\/wp-json\/wp\/v2\/posts\/1665","targetHints":{"allow":["GET"]}}],"collection":[{"href":"https:\/\/seksissach.ch\/v4\/wp-json\/wp\/v2\/posts"}],"about":[{"href":"https:\/\/seksissach.ch\/v4\/wp-json\/wp\/v2\/types\/post"}],"author":[{"embeddable":true,"href":"https:\/\/seksissach.ch\/v4\/wp-json\/wp\/v2\/users\/5"}],"replies":[{"embeddable":true,"href":"https:\/\/seksissach.ch\/v4\/wp-json\/wp\/v2\/comments?post=1665"}],"version-history":[{"count":9,"href":"https:\/\/seksissach.ch\/v4\/wp-json\/wp\/v2\/posts\/1665\/revisions"}],"predecessor-version":[{"id":1683,"href":"https:\/\/seksissach.ch\/v4\/wp-json\/wp\/v2\/posts\/1665\/revisions\/1683"}],"wp:featuredmedia":[{"embeddable":true,"href":"https:\/\/seksissach.ch\/v4\/wp-json\/wp\/v2\/media\/287"}],"wp:attachment":[{"href":"https:\/\/seksissach.ch\/v4\/wp-json\/wp\/v2\/media?parent=1665"}],"wp:term":[{"taxonomy":"category","embeddable":true,"href":"https:\/\/seksissach.ch\/v4\/wp-json\/wp\/v2\/categories?post=1665"},{"taxonomy":"post_tag","embeddable":true,"href":"https:\/\/seksissach.ch\/v4\/wp-json\/wp\/v2\/tags?post=1665"}],"curies":[{"name":"wp","href":"https:\/\/api.w.org\/{rel}","templated":true}]}}