{"id":1507,"date":"2021-06-29T09:03:47","date_gmt":"2021-06-29T07:03:47","guid":{"rendered":"https:\/\/seksissach.ch\/v4\/?p=1507"},"modified":"2021-06-29T09:21:54","modified_gmt":"2021-06-29T07:21:54","slug":"aktualisiertes-schutz-und-organisationskonzept-gueltig-ab-28-6-2021-und-elternschreiben-corona-impfung-fuer-jugendliche","status":"publish","type":"post","link":"https:\/\/seksissach.ch\/v4\/aktualisiertes-schutz-und-organisationskonzept-gueltig-ab-28-6-2021-und-elternschreiben-corona-impfung-fuer-jugendliche\/","title":{"rendered":"Aktualisiertes Schutz- und Organisationskonzept (g\u00fcltig ab 28.6.2021) und Schreiben bzgl. Corona-Impfung f\u00fcr Jugendliche"},"content":{"rendered":"\n<p><\/p>\n\n\n\n<p>Das Schutz- und Organisationskonzept lockert nur die Maskenpflicht f\u00fcr Erwachsene an den Baselbieter Schulen.<\/p>\n\n\n\n<p>F\u00fcr die Sch\u00fclerinnen und Sch\u00fcler ergeben sich keine \u00c4nderungen. S\u00e4mtliche bestehenden Bestimmungen bleiben bis zu den Sommerferien weiterhin in Kraft.<\/p>\n\n\n\n<p>Gerne machen wir Sie auf das Schreiben an die Jugendlichen\/Eltern im Anhang aufmerksam. Ab sofort k\u00f6nnen sich Jugendliche ab dem 12. Geburtstag f\u00fcr eine Corona-Impfung anmelden bzw. k\u00f6nnen angemeldet werden. <\/p>\n\n\n\n<p>Die Impfung wird f\u00fcr alle Jugendlichen empfohlen, die sich impfen lassen m\u00f6chten.<\/p>\n\n\n\n<div class=\"wp-block-file\"><a href=\"https:\/\/seksissach.ch\/v4\/wp-content\/uploads\/2021\/06\/Information-Impfung-12-15-jaehrige-def.-link.pdf\" target=\"_blank\" rel=\"noreferrer noopener\">Information Impfung 12-15 j\u00e4hrige<\/a><\/div>\n\n\n\n<div class=\"wp-block-file\"><a href=\"https:\/\/seksissach.ch\/v4\/wp-content\/uploads\/2021\/06\/2021-06_24_Kantonales_Schutz-_und_Organisationskonzept_Volksschulen.pdf\" target=\"_blank\" rel=\"noreferrer noopener\">2021 06 24 Kantonales Schutz- und Organisationskonzept Volksschulen<\/a><\/div>\n\n\n\n<p><\/p>\n","protected":false},"excerpt":{"rendered":"<p>Das Schutz- und Organisationskonzept lockert nur die Maskenpflicht f\u00fcr Erwachsene an den Baselbieter Schulen. F\u00fcr die Sch\u00fclerinnen und Sch\u00fcler ergeben sich keine \u00c4nderungen. S\u00e4mtliche bestehenden Bestimmungen bleiben bis zu den Sommerferien weiterhin in Kraft. Gerne machen wir Sie auf das Schreiben an die Jugendlichen\/Eltern im Anhang aufmerksam. Ab sofort k\u00f6nnen sich Jugendliche ab dem 12. &hellip; <\/p>\n<p class=\"link-more\"><a href=\"https:\/\/seksissach.ch\/v4\/aktualisiertes-schutz-und-organisationskonzept-gueltig-ab-28-6-2021-und-elternschreiben-corona-impfung-fuer-jugendliche\/\" class=\"more-link\"><span class=\"screen-reader-text\">\u201eAktualisiertes Schutz- und Organisationskonzept (g\u00fcltig ab 28.6.2021) und Schreiben bzgl. Corona-Impfung f\u00fcr Jugendliche\u201c <\/span>weiterlesen<\/a><\/p>\n","protected":false},"author":2,"featured_media":287,"comment_status":"closed","ping_status":"closed","sticky":false,"template":"","format":"standard","meta":{"pagelayer_contact_templates":[],"_pagelayer_content":"","footnotes":""},"categories":[9,10],"tags":[],"class_list":["post-1507","post","type-post","status-publish","format-standard","has-post-thumbnail","hentry","category-allgemeine-mitteilungen","category-covid-19"],"_links":{"self":[{"href":"https:\/\/seksissach.ch\/v4\/wp-json\/wp\/v2\/posts\/1507","targetHints":{"allow":["GET"]}}],"collection":[{"href":"https:\/\/seksissach.ch\/v4\/wp-json\/wp\/v2\/posts"}],"about":[{"href":"https:\/\/seksissach.ch\/v4\/wp-json\/wp\/v2\/types\/post"}],"author":[{"embeddable":true,"href":"https:\/\/seksissach.ch\/v4\/wp-json\/wp\/v2\/users\/2"}],"replies":[{"embeddable":true,"href":"https:\/\/seksissach.ch\/v4\/wp-json\/wp\/v2\/comments?post=1507"}],"version-history":[{"count":3,"href":"https:\/\/seksissach.ch\/v4\/wp-json\/wp\/v2\/posts\/1507\/revisions"}],"predecessor-version":[{"id":1514,"href":"https:\/\/seksissach.ch\/v4\/wp-json\/wp\/v2\/posts\/1507\/revisions\/1514"}],"wp:featuredmedia":[{"embeddable":true,"href":"https:\/\/seksissach.ch\/v4\/wp-json\/wp\/v2\/media\/287"}],"wp:attachment":[{"href":"https:\/\/seksissach.ch\/v4\/wp-json\/wp\/v2\/media?parent=1507"}],"wp:term":[{"taxonomy":"category","embeddable":true,"href":"https:\/\/seksissach.ch\/v4\/wp-json\/wp\/v2\/categories?post=1507"},{"taxonomy":"post_tag","embeddable":true,"href":"https:\/\/seksissach.ch\/v4\/wp-json\/wp\/v2\/tags?post=1507"}],"curies":[{"name":"wp","href":"https:\/\/api.w.org\/{rel}","templated":true}]}}