{"id":1500,"date":"2021-06-18T14:00:00","date_gmt":"2021-06-18T12:00:00","guid":{"rendered":"https:\/\/seksissach.ch\/v4\/?p=1500"},"modified":"2021-06-18T14:35:37","modified_gmt":"2021-06-18T12:35:37","slug":"aufhebung-der-der-maskenpflicht-fuer-schuelerinnen-und-schueler","status":"publish","type":"post","link":"https:\/\/seksissach.ch\/v4\/aufhebung-der-der-maskenpflicht-fuer-schuelerinnen-und-schueler\/","title":{"rendered":"Aufhebung der der Maskenpflicht f\u00fcr Sch\u00fclerinnen und Sch\u00fcler"},"content":{"rendered":"\n<p>Aufgrund der aktuell stabilen epidemiologischen Lage hat der&nbsp;<strong>Regierungsrat BL die Aufhebung&nbsp;<\/strong>der kantonalen Bestimmungen zur&nbsp;<strong>Maskenpflicht in der Schule und in der Kinderbetreuung beschlossen<\/strong>.<\/p>\n\n\n\n<p><strong>Damit ist ab Montag, 21. Juni 2021, das Tragen einer Maske f\u00fcr Sch\u00fclerinnen und Sch\u00fcler der Primar- und Sekundarschulen nicht mehr obligatorisch.<\/strong> Das freiwillige Tragen von Masken ist selbstverst\u00e4ndlich erlaubt. <\/p>\n\n\n\n<p>Die&nbsp;<strong>Maskenpflicht f\u00fcr Lehrpersonen&nbsp;<\/strong>bleibt vorerst noch bestehen.<\/p>\n\n\n\n<p>Wir bitten unsere Sch\u00fclerinnen und Sch\u00fcler weiterhin die n\u00f6tige Vorsicht im Umgang mit Corona walten zu lassen, um Ansteckungen zu vermeiden. <strong>Insbesondere m\u00fcssen die Schutz- und Hygienemassnahmen weiterhin eingehalten werden:&nbsp;<\/strong> H\u00e4nde waschen, Abstandregel soweit m\u00f6glich einhalten (keine Umarmungen, Rangeleien, Handschlag, \u2026), keine Esswaren und Getr\u00e4nke teilen. Weiterhin gilt, dass Speisen und Getr\u00e4nke in Innenr\u00e4umen nur sitzend konsumiert werden d\u00fcrfen.<\/p>\n\n\n\n<p>Die aktuelle Medienmitteilung der Baselbieter Regierung zur Aufhebung der Maskenpflicht f\u00fcr Sch\u00fclerinnen und Sch\u00fcler finden Sie <a href=\"https:\/\/www.baselland.ch\/politik-und-behorden\/regierungsrat\/medienmitteilungen\">hier<\/a>.<\/p>\n","protected":false},"excerpt":{"rendered":"<p>Aufgrund der aktuell stabilen epidemiologischen Lage hat der&nbsp;Regierungsrat BL die Aufhebung&nbsp;der kantonalen Bestimmungen zur&nbsp;Maskenpflicht in der Schule und in der Kinderbetreuung beschlossen. Damit ist ab Montag, 21. Juni 2021, das Tragen einer Maske f\u00fcr Sch\u00fclerinnen und Sch\u00fcler der Primar- und Sekundarschulen nicht mehr obligatorisch. Das freiwillige Tragen von Masken ist selbstverst\u00e4ndlich erlaubt. Die&nbsp;Maskenpflicht f\u00fcr Lehrpersonen&nbsp;bleibt &hellip; <\/p>\n<p class=\"link-more\"><a href=\"https:\/\/seksissach.ch\/v4\/aufhebung-der-der-maskenpflicht-fuer-schuelerinnen-und-schueler\/\" class=\"more-link\"><span class=\"screen-reader-text\">\u201eAufhebung der der Maskenpflicht f\u00fcr Sch\u00fclerinnen und Sch\u00fcler\u201c <\/span>weiterlesen<\/a><\/p>\n","protected":false},"author":2,"featured_media":287,"comment_status":"closed","ping_status":"closed","sticky":false,"template":"","format":"standard","meta":{"pagelayer_contact_templates":[],"_pagelayer_content":"","footnotes":""},"categories":[9,10],"tags":[],"class_list":["post-1500","post","type-post","status-publish","format-standard","has-post-thumbnail","hentry","category-allgemeine-mitteilungen","category-covid-19"],"_links":{"self":[{"href":"https:\/\/seksissach.ch\/v4\/wp-json\/wp\/v2\/posts\/1500","targetHints":{"allow":["GET"]}}],"collection":[{"href":"https:\/\/seksissach.ch\/v4\/wp-json\/wp\/v2\/posts"}],"about":[{"href":"https:\/\/seksissach.ch\/v4\/wp-json\/wp\/v2\/types\/post"}],"author":[{"embeddable":true,"href":"https:\/\/seksissach.ch\/v4\/wp-json\/wp\/v2\/users\/2"}],"replies":[{"embeddable":true,"href":"https:\/\/seksissach.ch\/v4\/wp-json\/wp\/v2\/comments?post=1500"}],"version-history":[{"count":4,"href":"https:\/\/seksissach.ch\/v4\/wp-json\/wp\/v2\/posts\/1500\/revisions"}],"predecessor-version":[{"id":1505,"href":"https:\/\/seksissach.ch\/v4\/wp-json\/wp\/v2\/posts\/1500\/revisions\/1505"}],"wp:featuredmedia":[{"embeddable":true,"href":"https:\/\/seksissach.ch\/v4\/wp-json\/wp\/v2\/media\/287"}],"wp:attachment":[{"href":"https:\/\/seksissach.ch\/v4\/wp-json\/wp\/v2\/media?parent=1500"}],"wp:term":[{"taxonomy":"category","embeddable":true,"href":"https:\/\/seksissach.ch\/v4\/wp-json\/wp\/v2\/categories?post=1500"},{"taxonomy":"post_tag","embeddable":true,"href":"https:\/\/seksissach.ch\/v4\/wp-json\/wp\/v2\/tags?post=1500"}],"curies":[{"name":"wp","href":"https:\/\/api.w.org\/{rel}","templated":true}]}}