{"id":1471,"date":"2021-05-31T10:48:08","date_gmt":"2021-05-31T08:48:08","guid":{"rendered":"https:\/\/seksissach.ch\/v4\/?p=1471"},"modified":"2021-05-31T10:48:10","modified_gmt":"2021-05-31T08:48:10","slug":"aktualisiertes-schutz-und-organisationskonzept-gueltig-ab-31-5-2021","status":"publish","type":"post","link":"https:\/\/seksissach.ch\/v4\/aktualisiertes-schutz-und-organisationskonzept-gueltig-ab-31-5-2021\/","title":{"rendered":"Aktualisiertes Schutz- und Organisationskonzept (g\u00fcltig ab 31.5.2021)"},"content":{"rendered":"\n<p>Sehr geehrte Eltern<\/p>\n\n\n\n<p>Das Schutz- und Organisationskonzept BL wird per 31. Mai 2021 angepasst.&nbsp;<strong>Die Maskenpflicht f\u00fcr Sch\u00fclerinnen und Sch\u00fclern wird im Aussenbereich der Schulanlage aufgehoben.<\/strong><\/p>\n\n\n\n<p>Die Sch\u00fclerinnen und Sch\u00fcler sollen jedoch wenn immer m\u00f6glich den Mindestabstand von 1.5 Metern einhalten. Auf\u00a0<strong>Ber\u00fchrungen<\/strong>(Umarmungen, Rangeleien, Handschlag usw.) soll verzichtet werden. Ebenfalls sollen weiterhin \u00a0<strong>keine Trink- und Esswaren geteilt<\/strong> werden.<\/p>\n\n\n\n<p>Speisen und Getr\u00e4nke d\u00fcrfen in Innenr\u00e4umen&nbsp;<strong>sitzend<\/strong>&nbsp;konsumiert werden, wenn der Abstand von 1.5m eingehalten werden kann. Anschliessend ist die Maske wieder anzuziehen.<\/p>\n\n\n\n<p>Als Download finden Sie hier das \u00fcberarbeitete Schutz- und Organisationskonzept des Kantons:<\/p>\n\n\n\n<div class=\"wp-block-file\"><a href=\"https:\/\/seksissach.ch\/v4\/wp-content\/uploads\/2021\/05\/2021-0527_Kantonales_Schutz-_und_Organisationskonzept_Volksschulen.pdf\" target=\"_blank\" rel=\"noreferrer noopener\">2021-0527 Kantonales Schutz- und Organisationskonzept Volksschulen<\/a><\/div>\n\n\n\n<p><\/p>\n","protected":false},"excerpt":{"rendered":"<p>Sehr geehrte Eltern Das Schutz- und Organisationskonzept BL wird per 31. Mai 2021 angepasst.&nbsp;Die Maskenpflicht f\u00fcr Sch\u00fclerinnen und Sch\u00fclern wird im Aussenbereich der Schulanlage aufgehoben. Die Sch\u00fclerinnen und Sch\u00fcler sollen jedoch wenn immer m\u00f6glich den Mindestabstand von 1.5 Metern einhalten. Auf\u00a0Ber\u00fchrungen(Umarmungen, Rangeleien, Handschlag usw.) soll verzichtet werden. Ebenfalls sollen weiterhin \u00a0keine Trink- und Esswaren geteilt &hellip; <\/p>\n<p class=\"link-more\"><a href=\"https:\/\/seksissach.ch\/v4\/aktualisiertes-schutz-und-organisationskonzept-gueltig-ab-31-5-2021\/\" class=\"more-link\"><span class=\"screen-reader-text\">\u201eAktualisiertes Schutz- und Organisationskonzept (g\u00fcltig ab 31.5.2021)\u201c <\/span>weiterlesen<\/a><\/p>\n","protected":false},"author":2,"featured_media":287,"comment_status":"closed","ping_status":"closed","sticky":false,"template":"","format":"standard","meta":{"pagelayer_contact_templates":[],"_pagelayer_content":"","footnotes":""},"categories":[9,10],"tags":[],"class_list":["post-1471","post","type-post","status-publish","format-standard","has-post-thumbnail","hentry","category-allgemeine-mitteilungen","category-covid-19"],"_links":{"self":[{"href":"https:\/\/seksissach.ch\/v4\/wp-json\/wp\/v2\/posts\/1471","targetHints":{"allow":["GET"]}}],"collection":[{"href":"https:\/\/seksissach.ch\/v4\/wp-json\/wp\/v2\/posts"}],"about":[{"href":"https:\/\/seksissach.ch\/v4\/wp-json\/wp\/v2\/types\/post"}],"author":[{"embeddable":true,"href":"https:\/\/seksissach.ch\/v4\/wp-json\/wp\/v2\/users\/2"}],"replies":[{"embeddable":true,"href":"https:\/\/seksissach.ch\/v4\/wp-json\/wp\/v2\/comments?post=1471"}],"version-history":[{"count":1,"href":"https:\/\/seksissach.ch\/v4\/wp-json\/wp\/v2\/posts\/1471\/revisions"}],"predecessor-version":[{"id":1473,"href":"https:\/\/seksissach.ch\/v4\/wp-json\/wp\/v2\/posts\/1471\/revisions\/1473"}],"wp:featuredmedia":[{"embeddable":true,"href":"https:\/\/seksissach.ch\/v4\/wp-json\/wp\/v2\/media\/287"}],"wp:attachment":[{"href":"https:\/\/seksissach.ch\/v4\/wp-json\/wp\/v2\/media?parent=1471"}],"wp:term":[{"taxonomy":"category","embeddable":true,"href":"https:\/\/seksissach.ch\/v4\/wp-json\/wp\/v2\/categories?post=1471"},{"taxonomy":"post_tag","embeddable":true,"href":"https:\/\/seksissach.ch\/v4\/wp-json\/wp\/v2\/tags?post=1471"}],"curies":[{"name":"wp","href":"https:\/\/api.w.org\/{rel}","templated":true}]}}