{"id":1457,"date":"2021-04-30T10:54:40","date_gmt":"2021-04-30T08:54:40","guid":{"rendered":"https:\/\/seksissach.ch\/v4\/?p=1457"},"modified":"2021-04-30T10:54:40","modified_gmt":"2021-04-30T08:54:40","slug":"aktualisiertes-schutz-und-organisationskonzept-gueltig-ab-1-mai-2021","status":"publish","type":"post","link":"https:\/\/seksissach.ch\/v4\/aktualisiertes-schutz-und-organisationskonzept-gueltig-ab-1-mai-2021\/","title":{"rendered":"Aktualisiertes Schutz- und Organisationskonzept (g\u00fcltig ab 1. Mai 2021)"},"content":{"rendered":"\n<p>Sehr geehrte Eltern<\/p>\n\n\n\n<p>Das Schutz- und Organisationskonzept BL wird per 1. Mai 2021 angepasst. Wichtigste \u00c4nderungen f\u00fcr uns sind die M\u00f6glichkeit, Exkursionen und Schureisen (auch mit \u00dcbernachtung) unter gewissen Auflagen durchf\u00fchren zu k\u00f6nnen sowie eine Lockerung der Maskenpflicht im Freien (m\u00f6glichst bei Einhaltung des Mindestabstands von 1.5m).<\/p>\n\n\n\n<p class=\"has-background\" style=\"background-color:#f9fa00\">Aufgrund der r\u00e4umlichen Begebenheiten bleibt aber die Maskenpflicht auf dem Schulareal bei Schulbeginn, -ende und w\u00e4hrend den Pausen bestehen, da eine Einhaltung des Mindestabstands nicht m\u00f6glich ist.<\/p>\n\n\n\n<p>Als Download finden Sie das \u00fcberarbeitete Schutz- und Organisationskonzept des Kantons sowie den Elternbrief des AVS zu den Lockerungen<\/p>\n\n\n\n<div class=\"wp-block-file\"><a href=\"https:\/\/seksissach.ch\/v4\/wp-content\/uploads\/2021\/04\/2021-0428_Elternbrief_Lockerungen.pdf\" target=\"_blank\" rel=\"noreferrer noopener\">2021 0428 Elternbrief Lockerungen<\/a><\/div>\n\n\n\n<div class=\"wp-block-file\"><a href=\"https:\/\/seksissach.ch\/v4\/wp-content\/uploads\/2021\/04\/2021-0428_Kantonales_Schutz-_und_Organisationskonzept_Volksschulen.pdf\" target=\"_blank\" rel=\"noreferrer noopener\">2021 0428 Kantonales Schutz- und Organisationskonzep Volksschulen<\/a><\/div>\n\n\n\n<p><\/p>\n","protected":false},"excerpt":{"rendered":"<p>Sehr geehrte Eltern Das Schutz- und Organisationskonzept BL wird per 1. Mai 2021 angepasst. Wichtigste \u00c4nderungen f\u00fcr uns sind die M\u00f6glichkeit, Exkursionen und Schureisen (auch mit \u00dcbernachtung) unter gewissen Auflagen durchf\u00fchren zu k\u00f6nnen sowie eine Lockerung der Maskenpflicht im Freien (m\u00f6glichst bei Einhaltung des Mindestabstands von 1.5m). Aufgrund der r\u00e4umlichen Begebenheiten bleibt aber die Maskenpflicht &hellip; <\/p>\n<p class=\"link-more\"><a href=\"https:\/\/seksissach.ch\/v4\/aktualisiertes-schutz-und-organisationskonzept-gueltig-ab-1-mai-2021\/\" class=\"more-link\"><span class=\"screen-reader-text\">\u201eAktualisiertes Schutz- und Organisationskonzept (g\u00fcltig ab 1. Mai 2021)\u201c <\/span>weiterlesen<\/a><\/p>\n","protected":false},"author":2,"featured_media":287,"comment_status":"closed","ping_status":"closed","sticky":false,"template":"","format":"standard","meta":{"pagelayer_contact_templates":[],"_pagelayer_content":"","footnotes":""},"categories":[9,10],"tags":[],"class_list":["post-1457","post","type-post","status-publish","format-standard","has-post-thumbnail","hentry","category-allgemeine-mitteilungen","category-covid-19"],"_links":{"self":[{"href":"https:\/\/seksissach.ch\/v4\/wp-json\/wp\/v2\/posts\/1457","targetHints":{"allow":["GET"]}}],"collection":[{"href":"https:\/\/seksissach.ch\/v4\/wp-json\/wp\/v2\/posts"}],"about":[{"href":"https:\/\/seksissach.ch\/v4\/wp-json\/wp\/v2\/types\/post"}],"author":[{"embeddable":true,"href":"https:\/\/seksissach.ch\/v4\/wp-json\/wp\/v2\/users\/2"}],"replies":[{"embeddable":true,"href":"https:\/\/seksissach.ch\/v4\/wp-json\/wp\/v2\/comments?post=1457"}],"version-history":[{"count":2,"href":"https:\/\/seksissach.ch\/v4\/wp-json\/wp\/v2\/posts\/1457\/revisions"}],"predecessor-version":[{"id":1462,"href":"https:\/\/seksissach.ch\/v4\/wp-json\/wp\/v2\/posts\/1457\/revisions\/1462"}],"wp:featuredmedia":[{"embeddable":true,"href":"https:\/\/seksissach.ch\/v4\/wp-json\/wp\/v2\/media\/287"}],"wp:attachment":[{"href":"https:\/\/seksissach.ch\/v4\/wp-json\/wp\/v2\/media?parent=1457"}],"wp:term":[{"taxonomy":"category","embeddable":true,"href":"https:\/\/seksissach.ch\/v4\/wp-json\/wp\/v2\/categories?post=1457"},{"taxonomy":"post_tag","embeddable":true,"href":"https:\/\/seksissach.ch\/v4\/wp-json\/wp\/v2\/tags?post=1457"}],"curies":[{"name":"wp","href":"https:\/\/api.w.org\/{rel}","templated":true}]}}