{"id":1224,"date":"2020-11-20T08:16:13","date_gmt":"2020-11-20T07:16:13","guid":{"rendered":"https:\/\/seksissach.ch\/v4\/?p=1224"},"modified":"2021-03-04T08:46:16","modified_gmt":"2021-03-04T07:46:16","slug":"anpassungen-im-schutzkonzept-gueltig-ab-23-11-2020","status":"publish","type":"post","link":"https:\/\/seksissach.ch\/v4\/anpassungen-im-schutzkonzept-gueltig-ab-23-11-2020\/","title":{"rendered":"Schutz- und Organisationskonzept (g\u00fcltig ab 01.03.2021)"},"content":{"rendered":"\n<p>Das kantonale Schutz- und Organisationskonzept wurde per 01.03.2021 erneut angepasst. <strong>F\u00fcr die Sch\u00fclerinnen und Sch\u00fcler der  Sekundarschulen ergeben sich dadurch keine \u00c4nderungen.<\/strong><\/p>\n\n\n\n<p>Alle bisherigen Massnahmen bleiben weiterhin in Kraft.<\/p>\n\n\n\n<div class=\"wp-block-file\"><a href=\"https:\/\/seksissach.ch\/v4\/wp-content\/uploads\/2021\/01\/Kantonales_Schutz-_und_Organisationskonzept_Volksschulen_14.01.2021.pdf\">Kantonales_Schutz-_und_Organisationskonzept_Volksschulen_01.03.2021<\/a><\/div>\n\n\n\n<p class=\"has-black-color has-text-color has-background\" style=\"background-color:#fff000\"><strong>Erg\u00e4nzung\/Empfehlung Kantonalen Krisenstab (3.12.2020):<\/strong><br>Auch bei leichten Symptomen sollte man sich sofort testen lassen!<br><a href=\"https:\/\/www.baselland.ch\/politik-und-behorden\/direktionen\/volkswirtschafts-und-gesundheitsdirektion\/medienmitteilungen\/auch-bei-leichten-symptomen-sofort-testen-lassen\" target=\"_blank\" rel=\"noreferrer noopener\">https:\/\/www.baselland.ch\/politik-und-behorden\/direktionen\/volkswirtschafts-und-gesundheitsdirektion\/medienmitteilungen\/auch-bei-leichten-symptomen-sofort-testen-lassen<\/a><\/p>\n\n\n\n<p><\/p>\n","protected":false},"excerpt":{"rendered":"<p>Das kantonale Schutz- und Organisationskonzept wurde per 01.03.2021 erneut angepasst. F\u00fcr die Sch\u00fclerinnen und Sch\u00fcler der Sekundarschulen ergeben sich dadurch keine \u00c4nderungen. Alle bisherigen Massnahmen bleiben weiterhin in Kraft. Erg\u00e4nzung\/Empfehlung Kantonalen Krisenstab (3.12.2020):Auch bei leichten Symptomen sollte man sich sofort testen lassen!https:\/\/www.baselland.ch\/politik-und-behorden\/direktionen\/volkswirtschafts-und-gesundheitsdirektion\/medienmitteilungen\/auch-bei-leichten-symptomen-sofort-testen-lassen<\/p>\n","protected":false},"author":2,"featured_media":287,"comment_status":"closed","ping_status":"closed","sticky":false,"template":"","format":"standard","meta":{"pagelayer_contact_templates":[],"_pagelayer_content":"","footnotes":""},"categories":[9,10],"tags":[],"class_list":["post-1224","post","type-post","status-publish","format-standard","has-post-thumbnail","hentry","category-allgemeine-mitteilungen","category-covid-19"],"_links":{"self":[{"href":"https:\/\/seksissach.ch\/v4\/wp-json\/wp\/v2\/posts\/1224","targetHints":{"allow":["GET"]}}],"collection":[{"href":"https:\/\/seksissach.ch\/v4\/wp-json\/wp\/v2\/posts"}],"about":[{"href":"https:\/\/seksissach.ch\/v4\/wp-json\/wp\/v2\/types\/post"}],"author":[{"embeddable":true,"href":"https:\/\/seksissach.ch\/v4\/wp-json\/wp\/v2\/users\/2"}],"replies":[{"embeddable":true,"href":"https:\/\/seksissach.ch\/v4\/wp-json\/wp\/v2\/comments?post=1224"}],"version-history":[{"count":17,"href":"https:\/\/seksissach.ch\/v4\/wp-json\/wp\/v2\/posts\/1224\/revisions"}],"predecessor-version":[{"id":1397,"href":"https:\/\/seksissach.ch\/v4\/wp-json\/wp\/v2\/posts\/1224\/revisions\/1397"}],"wp:featuredmedia":[{"embeddable":true,"href":"https:\/\/seksissach.ch\/v4\/wp-json\/wp\/v2\/media\/287"}],"wp:attachment":[{"href":"https:\/\/seksissach.ch\/v4\/wp-json\/wp\/v2\/media?parent=1224"}],"wp:term":[{"taxonomy":"category","embeddable":true,"href":"https:\/\/seksissach.ch\/v4\/wp-json\/wp\/v2\/categories?post=1224"},{"taxonomy":"post_tag","embeddable":true,"href":"https:\/\/seksissach.ch\/v4\/wp-json\/wp\/v2\/tags?post=1224"}],"curies":[{"name":"wp","href":"https:\/\/api.w.org\/{rel}","templated":true}]}}