{"id":932,"date":"2019-03-19T11:39:04","date_gmt":"2019-03-19T12:39:04","guid":{"rendered":"https:\/\/seksissach.ch\/lz_blog\/?p=932"},"modified":"2019-03-19T11:43:30","modified_gmt":"2019-03-19T12:43:30","slug":"klima-geht-vor","status":"publish","type":"post","link":"https:\/\/seksissach.ch\/lz_blog\/2019\/03\/19\/klima-geht-vor\/","title":{"rendered":"Klima geht vor!"},"content":{"rendered":"<p>Greta, das 16-j\u00e4hrige M\u00e4dchen aus Schweden, weiss, was zu tu ist: Als sie 8 Jahre alt war, erfuhr sie zum ersten Mal etwas \u00fcber die Erderw\u00e4rmung. Sie schaute, ob sie genug Energie sparte, sie ern\u00e4hrte sich vegetarisch und \u00fcberzeugte ihre Familie, das gleiche zu tun. Mit 15 Jahren stellte sie ihre Meinung in die \u00d6ffentlichkeit. Am 20. August 2018, am ersten Schultag nach den Ferien, stellte sie sich mit dem Schild: &#8222;Skolstrejk f\u00f6r Klimatet&#8220; (Schulstreik f\u00fcr das Klima) vor das Rathaus in Stockholm. Ihre Eltern und Lehrer kritisierten den Streik, die schwedischen Sch\u00fcler aber zogen pl\u00f6tzlich mit. Danach schlossen sich auch belgische, franz\u00f6sische, finnl\u00e4ndische, deutsche und d\u00e4nemarkische Sch\u00fcler und Sch\u00fclerinnen an. Greta ist sogar f\u00fcr den Friedensnobelpreis nomminiert! Als Begr\u00fcndung wurde gesagt: \u00abDie Klimabedrohung (ist) vielleicht einer der wichtigsten Beitr\u00e4ge zu Krieg und Konflikten und die riesige Bewegung, die Greta in Gang gesetzt hat, ist ein enorm wichtiger Beitrag zum Frieden.\u00bb<\/p>\n<p>Da sieht man mal, was man mit bereits 16 Jahren alles erreichen kann.<\/p>\n","protected":false},"excerpt":{"rendered":"<p>Greta, das 16-j\u00e4hrige M\u00e4dchen aus Schweden, weiss, was zu tu ist: Als sie 8 Jahre alt war, erfuhr sie zum ersten Mal etwas \u00fcber die Erderw\u00e4rmung. Sie schaute, ob sie genug Energie sparte, sie ern\u00e4hrte sich vegetarisch und \u00fcberzeugte ihre Familie, das gleiche zu tun. Mit 15 Jahren stellte sie ihre Meinung in die \u00d6ffentlichkeit. &hellip; <a href=\"https:\/\/seksissach.ch\/lz_blog\/2019\/03\/19\/klima-geht-vor\/\" class=\"more-link\"><span class=\"screen-reader-text\">Klima geht vor!<\/span> weiterlesen<\/a><\/p>\n","protected":false},"author":13,"featured_media":0,"comment_status":"open","ping_status":"open","sticky":false,"template":"","format":"standard","meta":{"footnotes":""},"categories":[1],"tags":[],"coauthors":[],"class_list":["post-932","post","type-post","status-publish","format-standard","hentry","category-allgemein"],"jetpack_featured_media_url":"","_links":{"self":[{"href":"https:\/\/seksissach.ch\/lz_blog\/wp-json\/wp\/v2\/posts\/932","targetHints":{"allow":["GET"]}}],"collection":[{"href":"https:\/\/seksissach.ch\/lz_blog\/wp-json\/wp\/v2\/posts"}],"about":[{"href":"https:\/\/seksissach.ch\/lz_blog\/wp-json\/wp\/v2\/types\/post"}],"author":[{"embeddable":true,"href":"https:\/\/seksissach.ch\/lz_blog\/wp-json\/wp\/v2\/users\/13"}],"replies":[{"embeddable":true,"href":"https:\/\/seksissach.ch\/lz_blog\/wp-json\/wp\/v2\/comments?post=932"}],"version-history":[{"count":5,"href":"https:\/\/seksissach.ch\/lz_blog\/wp-json\/wp\/v2\/posts\/932\/revisions"}],"predecessor-version":[{"id":1064,"href":"https:\/\/seksissach.ch\/lz_blog\/wp-json\/wp\/v2\/posts\/932\/revisions\/1064"}],"wp:attachment":[{"href":"https:\/\/seksissach.ch\/lz_blog\/wp-json\/wp\/v2\/media?parent=932"}],"wp:term":[{"taxonomy":"category","embeddable":true,"href":"https:\/\/seksissach.ch\/lz_blog\/wp-json\/wp\/v2\/categories?post=932"},{"taxonomy":"post_tag","embeddable":true,"href":"https:\/\/seksissach.ch\/lz_blog\/wp-json\/wp\/v2\/tags?post=932"},{"taxonomy":"author","embeddable":true,"href":"https:\/\/seksissach.ch\/lz_blog\/wp-json\/wp\/v2\/coauthors?post=932"}],"curies":[{"name":"wp","href":"https:\/\/api.w.org\/{rel}","templated":true}]}}