{"id":3920,"date":"2021-11-10T11:30:12","date_gmt":"2021-11-10T12:30:12","guid":{"rendered":"https:\/\/seksissach.ch\/lz_blog\/?p=3920"},"modified":"2021-11-08T11:35:30","modified_gmt":"2021-11-08T12:35:30","slug":"die-dios-de-los-muertos-ausstellung","status":"publish","type":"post","link":"https:\/\/seksissach.ch\/lz_blog\/2021\/11\/10\/die-dios-de-los-muertos-ausstellung\/","title":{"rendered":"Die &#8222;Dia de los Muertos&#8220;-Ausstellung."},"content":{"rendered":"<p style=\"text-align: left;\">Hallo zusammen.<\/p>\n<p>Im \u00a0Lesezentrum gibt es eine Ausstellung mit den Arbeiten einer Klasse von Frau Sacher. Ihr Auftrag war es Dia de los Muertos-Alt\u00e4re zu basteln. Das ist ein lateinamerikanischer Feiertag, an dem die Leute die Toten ehren und Alt\u00e4re f\u00fcr die Verstorben bauen. Die Alt\u00e4ren von Frau Sacher haben den Twist, dass sie Allt\u00e4gliches darstellen. Die Werke mit den Skeletten und den farbigen Hintergr\u00fcnden sehen sehr cool aus. Die Sch\u00fcler:innen hatten viele Ideen, und die Dekorationen sind sehr sch\u00f6n. Ich w\u00fcrde sagen, es lohnt sich garantiert in den n\u00e4chsten Tagen mal vorbeizukommen, um sie sich anzusehen.<\/p>\n<p><img fetchpriority=\"high\" decoding=\"async\" class=\"alignnone size-large wp-image-3947\" src=\"https:\/\/seksissach.ch\/lz_blog\/wp-content\/uploads\/2021\/11\/D8C393DB-1D92-4C55-AEAE-2FE914F79D7A-1024x768.jpeg\" alt=\"\" width=\"660\" height=\"495\" srcset=\"https:\/\/seksissach.ch\/lz_blog\/wp-content\/uploads\/2021\/11\/D8C393DB-1D92-4C55-AEAE-2FE914F79D7A-1024x768.jpeg 1024w, https:\/\/seksissach.ch\/lz_blog\/wp-content\/uploads\/2021\/11\/D8C393DB-1D92-4C55-AEAE-2FE914F79D7A-300x225.jpeg 300w, https:\/\/seksissach.ch\/lz_blog\/wp-content\/uploads\/2021\/11\/D8C393DB-1D92-4C55-AEAE-2FE914F79D7A-150x113.jpeg 150w, https:\/\/seksissach.ch\/lz_blog\/wp-content\/uploads\/2021\/11\/D8C393DB-1D92-4C55-AEAE-2FE914F79D7A-768x576.jpeg 768w, https:\/\/seksissach.ch\/lz_blog\/wp-content\/uploads\/2021\/11\/D8C393DB-1D92-4C55-AEAE-2FE914F79D7A-500x375.jpeg 500w, https:\/\/seksissach.ch\/lz_blog\/wp-content\/uploads\/2021\/11\/D8C393DB-1D92-4C55-AEAE-2FE914F79D7A-1536x1152.jpeg 1536w, https:\/\/seksissach.ch\/lz_blog\/wp-content\/uploads\/2021\/11\/D8C393DB-1D92-4C55-AEAE-2FE914F79D7A-2048x1536.jpeg 2048w, https:\/\/seksissach.ch\/lz_blog\/wp-content\/uploads\/2021\/11\/D8C393DB-1D92-4C55-AEAE-2FE914F79D7A-680x510.jpeg 680w\" sizes=\"(max-width: 660px) 100vw, 660px\" \/><\/p>\n<p><img decoding=\"async\" class=\"alignnone size-large wp-image-3950\" src=\"https:\/\/seksissach.ch\/lz_blog\/wp-content\/uploads\/2021\/11\/image-1024x768.jpg\" alt=\"\" width=\"660\" height=\"495\" srcset=\"https:\/\/seksissach.ch\/lz_blog\/wp-content\/uploads\/2021\/11\/image-1024x768.jpg 1024w, https:\/\/seksissach.ch\/lz_blog\/wp-content\/uploads\/2021\/11\/image-300x225.jpg 300w, https:\/\/seksissach.ch\/lz_blog\/wp-content\/uploads\/2021\/11\/image-150x113.jpg 150w, https:\/\/seksissach.ch\/lz_blog\/wp-content\/uploads\/2021\/11\/image-768x576.jpg 768w, https:\/\/seksissach.ch\/lz_blog\/wp-content\/uploads\/2021\/11\/image-500x375.jpg 500w, https:\/\/seksissach.ch\/lz_blog\/wp-content\/uploads\/2021\/11\/image-1536x1152.jpg 1536w, https:\/\/seksissach.ch\/lz_blog\/wp-content\/uploads\/2021\/11\/image-2048x1536.jpg 2048w, https:\/\/seksissach.ch\/lz_blog\/wp-content\/uploads\/2021\/11\/image-680x510.jpg 680w\" sizes=\"(max-width: 660px) 100vw, 660px\" \/><\/p>\n<p>Bis zum n\u00e4chsten post, Bye.<br \/>\nHolgersson<\/p>\n","protected":false},"excerpt":{"rendered":"<p>Hallo zusammen. Im \u00a0Lesezentrum gibt es eine Ausstellung mit den Arbeiten einer Klasse von Frau Sacher. Ihr Auftrag war es Dia de los Muertos-Alt\u00e4re zu basteln. Das ist ein lateinamerikanischer Feiertag, an dem die Leute die Toten ehren und Alt\u00e4re f\u00fcr die Verstorben bauen. Die Alt\u00e4ren von Frau Sacher haben den Twist, dass sie Allt\u00e4gliches &hellip; <a href=\"https:\/\/seksissach.ch\/lz_blog\/2021\/11\/10\/die-dios-de-los-muertos-ausstellung\/\" class=\"more-link\"><span class=\"screen-reader-text\">Die &#8222;Dia de los Muertos&#8220;-Ausstellung.<\/span> weiterlesen<\/a><\/p>\n","protected":false},"author":32,"featured_media":3946,"comment_status":"open","ping_status":"open","sticky":false,"template":"","format":"standard","meta":{"footnotes":""},"categories":[1,5],"tags":[],"coauthors":[48],"class_list":["post-3920","post","type-post","status-publish","format-standard","has-post-thumbnail","hentry","category-allgemein","category-events"],"jetpack_featured_media_url":"https:\/\/seksissach.ch\/lz_blog\/wp-content\/uploads\/2021\/11\/89ED7F61-317C-4A47-BB6E-8099EDA90E80-scaled.jpeg","_links":{"self":[{"href":"https:\/\/seksissach.ch\/lz_blog\/wp-json\/wp\/v2\/posts\/3920","targetHints":{"allow":["GET"]}}],"collection":[{"href":"https:\/\/seksissach.ch\/lz_blog\/wp-json\/wp\/v2\/posts"}],"about":[{"href":"https:\/\/seksissach.ch\/lz_blog\/wp-json\/wp\/v2\/types\/post"}],"author":[{"embeddable":true,"href":"https:\/\/seksissach.ch\/lz_blog\/wp-json\/wp\/v2\/users\/32"}],"replies":[{"embeddable":true,"href":"https:\/\/seksissach.ch\/lz_blog\/wp-json\/wp\/v2\/comments?post=3920"}],"version-history":[{"count":5,"href":"https:\/\/seksissach.ch\/lz_blog\/wp-json\/wp\/v2\/posts\/3920\/revisions"}],"predecessor-version":[{"id":3968,"href":"https:\/\/seksissach.ch\/lz_blog\/wp-json\/wp\/v2\/posts\/3920\/revisions\/3968"}],"wp:featuredmedia":[{"embeddable":true,"href":"https:\/\/seksissach.ch\/lz_blog\/wp-json\/wp\/v2\/media\/3946"}],"wp:attachment":[{"href":"https:\/\/seksissach.ch\/lz_blog\/wp-json\/wp\/v2\/media?parent=3920"}],"wp:term":[{"taxonomy":"category","embeddable":true,"href":"https:\/\/seksissach.ch\/lz_blog\/wp-json\/wp\/v2\/categories?post=3920"},{"taxonomy":"post_tag","embeddable":true,"href":"https:\/\/seksissach.ch\/lz_blog\/wp-json\/wp\/v2\/tags?post=3920"},{"taxonomy":"author","embeddable":true,"href":"https:\/\/seksissach.ch\/lz_blog\/wp-json\/wp\/v2\/coauthors?post=3920"}],"curies":[{"name":"wp","href":"https:\/\/api.w.org\/{rel}","templated":true}]}}