{"id":3143,"date":"2021-02-03T11:43:58","date_gmt":"2021-02-03T12:43:58","guid":{"rendered":"https:\/\/seksissach.ch\/lz_blog\/?p=3143"},"modified":"2021-02-01T11:54:34","modified_gmt":"2021-02-01T12:54:34","slug":"thema-des-monats-black-history-month","status":"publish","type":"post","link":"https:\/\/seksissach.ch\/lz_blog\/2021\/02\/03\/thema-des-monats-black-history-month\/","title":{"rendered":"Thema des Monats: Black History Month"},"content":{"rendered":"<p>Als ich das geh\u00f6rt habe, dachte ich zuerst, dass es einfach nur &#8222;Dunkle\/Schwarze Geschichten&#8220; sind. Im Sinne von b\u00f6se, gruselige Geschichten. Aber ich habe mich geirrt. &#8222;Black History Month&#8220; bedeutet auf Deutsch \u00fcbersetzt &#8222;Monat der schwarzen Geschichte&#8220; \u2013 das hat aber nichts mit d\u00fcsteren Geschichten zu tun, sondern mit dunkler Hautfarbe. &#8222;Black Lives Matter&#8220; ist immer noch aktuell, vor allem in den USA, und die Bewegung macht auf die Diskriminiereung von PoC (People of Colour) aufmerksam.<br \/>\nBei den B\u00fcchern, die im Februar ausgestellt werden, stehen daher Geschichte von und \u00fcber PoC im Fokus. Was sie erlebt und erreicht haben. Damit man die Sicht der nicht weissh\u00e4utigen Menschen sieht. In Schulen und Bibliotheken in Amerika und \u00fcberall auf der Welt werden im Februar vermehrt B\u00fccher, Filme und anderes \u00fcber PoC und zum Thema Rassismus aufgestellt. Fazit ist, dass Menschen nicht aufgrund ihrer Hautfarbe eingesch\u00e4tzt werden d\u00fcrfen!<\/p>\n<p>Ich w\u00fcnsche euch viel Spass mit den B\u00fcchern und Filmen in der Bibliothek zum Thema &#8222;Black History Month&#8220;!<\/p>\n<p>Liebe Gr\u00fcsse eure Chiami<\/p>\n","protected":false},"excerpt":{"rendered":"<p>Als ich das geh\u00f6rt habe, dachte ich zuerst, dass es einfach nur &#8222;Dunkle\/Schwarze Geschichten&#8220; sind. Im Sinne von b\u00f6se, gruselige Geschichten. Aber ich habe mich geirrt. &#8222;Black History Month&#8220; bedeutet auf Deutsch \u00fcbersetzt &#8222;Monat der schwarzen Geschichte&#8220; \u2013 das hat aber nichts mit d\u00fcsteren Geschichten zu tun, sondern mit dunkler Hautfarbe. &#8222;Black Lives Matter&#8220; ist &hellip; <a href=\"https:\/\/seksissach.ch\/lz_blog\/2021\/02\/03\/thema-des-monats-black-history-month\/\" class=\"more-link\"><span class=\"screen-reader-text\">Thema des Monats: Black History Month<\/span> weiterlesen<\/a><\/p>\n","protected":false},"author":28,"featured_media":3154,"comment_status":"open","ping_status":"open","sticky":false,"template":"","format":"standard","meta":{"footnotes":""},"categories":[1,39],"tags":[],"coauthors":[44],"class_list":["post-3143","post","type-post","status-publish","format-standard","has-post-thumbnail","hentry","category-allgemein","category-thema-des-monats"],"jetpack_featured_media_url":"https:\/\/seksissach.ch\/lz_blog\/wp-content\/uploads\/2021\/02\/IMG_9564.jpg","_links":{"self":[{"href":"https:\/\/seksissach.ch\/lz_blog\/wp-json\/wp\/v2\/posts\/3143","targetHints":{"allow":["GET"]}}],"collection":[{"href":"https:\/\/seksissach.ch\/lz_blog\/wp-json\/wp\/v2\/posts"}],"about":[{"href":"https:\/\/seksissach.ch\/lz_blog\/wp-json\/wp\/v2\/types\/post"}],"author":[{"embeddable":true,"href":"https:\/\/seksissach.ch\/lz_blog\/wp-json\/wp\/v2\/users\/28"}],"replies":[{"embeddable":true,"href":"https:\/\/seksissach.ch\/lz_blog\/wp-json\/wp\/v2\/comments?post=3143"}],"version-history":[{"count":4,"href":"https:\/\/seksissach.ch\/lz_blog\/wp-json\/wp\/v2\/posts\/3143\/revisions"}],"predecessor-version":[{"id":3155,"href":"https:\/\/seksissach.ch\/lz_blog\/wp-json\/wp\/v2\/posts\/3143\/revisions\/3155"}],"wp:featuredmedia":[{"embeddable":true,"href":"https:\/\/seksissach.ch\/lz_blog\/wp-json\/wp\/v2\/media\/3154"}],"wp:attachment":[{"href":"https:\/\/seksissach.ch\/lz_blog\/wp-json\/wp\/v2\/media?parent=3143"}],"wp:term":[{"taxonomy":"category","embeddable":true,"href":"https:\/\/seksissach.ch\/lz_blog\/wp-json\/wp\/v2\/categories?post=3143"},{"taxonomy":"post_tag","embeddable":true,"href":"https:\/\/seksissach.ch\/lz_blog\/wp-json\/wp\/v2\/tags?post=3143"},{"taxonomy":"author","embeddable":true,"href":"https:\/\/seksissach.ch\/lz_blog\/wp-json\/wp\/v2\/coauthors?post=3143"}],"curies":[{"name":"wp","href":"https:\/\/api.w.org\/{rel}","templated":true}]}}