{"id":2468,"date":"2020-11-03T08:11:31","date_gmt":"2020-11-03T09:11:31","guid":{"rendered":"https:\/\/seksissach.ch\/lz_blog\/?p=2468"},"modified":"2020-11-03T08:11:31","modified_gmt":"2020-11-03T09:11:31","slug":"absage-herbstmesse-basel-2020","status":"publish","type":"post","link":"https:\/\/seksissach.ch\/lz_blog\/2020\/11\/03\/absage-herbstmesse-basel-2020\/","title":{"rendered":"Absage Herbstmesse Basel 2020"},"content":{"rendered":"<p>Leider muss ich euch entt\u00e4uschen, denn die Herbstmesse 2020 wurde abgesagt \ud83d\ude41<\/p>\n<p>Aufgrund der Corona Pandemie findet dieses Jahr die Basler Herbstmesse nicht statt. Ich finde dies sehr schade, denn die Herbstmesse ist eines meiner Highlights im Jahr.<\/p>\n<p>Zur Herbstmesse:<\/p>\n<p>Dieses Jahr h\u00e4tte die Herbstmesse ihr 550-Jahre-Jubil\u00e4um gefeiert. Da die Ansteckungsgefahr zu gross ist, wurde sie dieses Jahr aber abgesagt. Es ist nicht das erste Mal, dass die Herbstmesse abgesagt wurde. In den Jahren 1721 und 1722 wurde die Herbstmesse aufgrund der Pest abgesagt. Im Jahr 1831 wegen der Cholera-Epidemie und im Jahr 1918 wegen der Spanischen Grippe.<\/p>\n<p>Aber wie ist die Herbstmesse eigentlich entstanden?<\/p>\n<p>Im Jahre 1431 bis 1448 erhielt Basel immer wie mehr Einwohner. Im Jahr 1449 befand sich Basel in einer Krise. Um die Wirtschaft zu\u00a0 beleben, wurde ein regelm\u00e4ssig stattfindender Jahrmarkt eingef\u00fchrt. Nat\u00fcrlich brauchten sie zuerst eine Erlaubnis des Kaisers. Nachdem der Kaiser seine Zusage gab, hatte die Stadt Basel von nun an einen fr\u00f6hlichen Jahrmarkt. Auf dem Jahrmarkt gab und gibt es Vergn\u00fcgungen wie Achterbahnen oder Verkaufsst\u00e4nde mit verschiedenen Spezialit\u00e4ten. Die wohl eine der bekannteste Spezialit\u00e4t ist der &#8222;M\u00e4ssmogge&#8220; \u2013 eine Zuckerstange mit Haselnussf\u00fcllung.<\/p>\n<p>Hoffen wir mal, dass wir die Herbstmesse n\u00e4chstes Jahr feiern k\u00f6nnen.<\/p>\n<p>Lg eure Kate<\/p>\n<p>P.s. F\u00fcr alle Verzweifelten: Jonasch hat einen Pop-up Store am Barfi und auch das Riesenrad steht \u2026<\/p>\n","protected":false},"excerpt":{"rendered":"<p>Leider muss ich euch entt\u00e4uschen, denn die Herbstmesse 2020 wurde abgesagt \ud83d\ude41 Aufgrund der Corona Pandemie findet dieses Jahr die Basler Herbstmesse nicht statt. Ich finde dies sehr schade, denn die Herbstmesse ist eines meiner Highlights im Jahr. Zur Herbstmesse: Dieses Jahr h\u00e4tte die Herbstmesse ihr 550-Jahre-Jubil\u00e4um gefeiert. Da die Ansteckungsgefahr zu gross ist, wurde &hellip; <a href=\"https:\/\/seksissach.ch\/lz_blog\/2020\/11\/03\/absage-herbstmesse-basel-2020\/\" class=\"more-link\"><span class=\"screen-reader-text\">Absage Herbstmesse Basel 2020<\/span> weiterlesen<\/a><\/p>\n","protected":false},"author":25,"featured_media":0,"comment_status":"open","ping_status":"open","sticky":false,"template":"","format":"standard","meta":{"footnotes":""},"categories":[1],"tags":[],"coauthors":[34],"class_list":["post-2468","post","type-post","status-publish","format-standard","hentry","category-allgemein"],"jetpack_featured_media_url":"","_links":{"self":[{"href":"https:\/\/seksissach.ch\/lz_blog\/wp-json\/wp\/v2\/posts\/2468","targetHints":{"allow":["GET"]}}],"collection":[{"href":"https:\/\/seksissach.ch\/lz_blog\/wp-json\/wp\/v2\/posts"}],"about":[{"href":"https:\/\/seksissach.ch\/lz_blog\/wp-json\/wp\/v2\/types\/post"}],"author":[{"embeddable":true,"href":"https:\/\/seksissach.ch\/lz_blog\/wp-json\/wp\/v2\/users\/25"}],"replies":[{"embeddable":true,"href":"https:\/\/seksissach.ch\/lz_blog\/wp-json\/wp\/v2\/comments?post=2468"}],"version-history":[{"count":3,"href":"https:\/\/seksissach.ch\/lz_blog\/wp-json\/wp\/v2\/posts\/2468\/revisions"}],"predecessor-version":[{"id":2624,"href":"https:\/\/seksissach.ch\/lz_blog\/wp-json\/wp\/v2\/posts\/2468\/revisions\/2624"}],"wp:attachment":[{"href":"https:\/\/seksissach.ch\/lz_blog\/wp-json\/wp\/v2\/media?parent=2468"}],"wp:term":[{"taxonomy":"category","embeddable":true,"href":"https:\/\/seksissach.ch\/lz_blog\/wp-json\/wp\/v2\/categories?post=2468"},{"taxonomy":"post_tag","embeddable":true,"href":"https:\/\/seksissach.ch\/lz_blog\/wp-json\/wp\/v2\/tags?post=2468"},{"taxonomy":"author","embeddable":true,"href":"https:\/\/seksissach.ch\/lz_blog\/wp-json\/wp\/v2\/coauthors?post=2468"}],"curies":[{"name":"wp","href":"https:\/\/api.w.org\/{rel}","templated":true}]}}