{"id":2162,"date":"2020-05-01T08:29:40","date_gmt":"2020-05-01T09:29:40","guid":{"rendered":"https:\/\/seksissach.ch\/lz_blog\/?p=2162"},"modified":"2020-05-02T14:01:41","modified_gmt":"2020-05-02T15:01:41","slug":"lies-mal-laut","status":"publish","type":"post","link":"https:\/\/seksissach.ch\/lz_blog\/2020\/05\/01\/lies-mal-laut\/","title":{"rendered":"Lies mal laut! Die schwarze Stadt"},"content":{"rendered":"<p>Der Mai steht im Zeichen des Vorlesens. Denn am 27. Mai findet der Schweizer Vorlesetag statt. Und wer jetzt denkt, er oder sie sei zu alt f\u00fcr so was, der irrt. Vorgelesen wir einem doch immer gerne, man muss sich nur vielleicht etwas drauf einlassen.<\/p>\n<p>Und weil mir das Vorlesen selber so wichtig ist, lese ich euch (ganz st\u00fcmperhaft) den Anfang meines Lieblingsbuches vor, als ich 12 Jahre alt war: Die schwarze Stadt von Tamora Pierce. In der Zwischenzeit ist es vergriffen. Das heisst, man kann es nicht mehr regul\u00e4r kaufen. Schade eigentlich, ich bin \u00fcberzeugt, dem einen oder anderen von euch h\u00e4tte es auch gefallen!<\/p>\n<p>H\u00f6rt euch also an, wie das Abenteuer von Alanna von Trebond seinen Anfang nahm \u2026<\/p>\n<p><em>(gelesen von Anna Schaub, April 2020)<\/em><\/p>\n<audio class=\"wp-audio-shortcode\" id=\"audio-2162-1\" preload=\"none\" style=\"width: 100%;\" controls=\"controls\"><source type=\"audio\/mpeg\" src=\"https:\/\/seksissach.ch\/lz_blog\/wp-content\/uploads\/2020\/04\/Die-schwarze-Stadt.m4a?_=1\" \/><a href=\"https:\/\/seksissach.ch\/lz_blog\/wp-content\/uploads\/2020\/04\/Die-schwarze-Stadt.m4a\">https:\/\/seksissach.ch\/lz_blog\/wp-content\/uploads\/2020\/04\/Die-schwarze-Stadt.m4a<\/a><\/audio>\n","protected":false},"excerpt":{"rendered":"<p>Der Mai steht im Zeichen des Vorlesens. Denn am 27. Mai findet der Schweizer Vorlesetag statt. Und wer jetzt denkt, er oder sie sei zu alt f\u00fcr so was, der irrt. Vorgelesen wir einem doch immer gerne, man muss sich nur vielleicht etwas drauf einlassen. Und weil mir das Vorlesen selber so wichtig ist, lese &hellip; <a href=\"https:\/\/seksissach.ch\/lz_blog\/2020\/05\/01\/lies-mal-laut\/\" class=\"more-link\"><span class=\"screen-reader-text\">Lies mal laut! Die schwarze Stadt<\/span> weiterlesen<\/a><\/p>\n","protected":false},"author":1,"featured_media":0,"comment_status":"open","ping_status":"open","sticky":false,"template":"","format":"audio","meta":{"footnotes":""},"categories":[1,39],"tags":[],"coauthors":[31],"class_list":["post-2162","post","type-post","status-publish","format-audio","hentry","category-allgemein","category-thema-des-monats","post_format-post-format-audio"],"jetpack_featured_media_url":"","_links":{"self":[{"href":"https:\/\/seksissach.ch\/lz_blog\/wp-json\/wp\/v2\/posts\/2162","targetHints":{"allow":["GET"]}}],"collection":[{"href":"https:\/\/seksissach.ch\/lz_blog\/wp-json\/wp\/v2\/posts"}],"about":[{"href":"https:\/\/seksissach.ch\/lz_blog\/wp-json\/wp\/v2\/types\/post"}],"author":[{"embeddable":true,"href":"https:\/\/seksissach.ch\/lz_blog\/wp-json\/wp\/v2\/users\/1"}],"replies":[{"embeddable":true,"href":"https:\/\/seksissach.ch\/lz_blog\/wp-json\/wp\/v2\/comments?post=2162"}],"version-history":[{"count":4,"href":"https:\/\/seksissach.ch\/lz_blog\/wp-json\/wp\/v2\/posts\/2162\/revisions"}],"predecessor-version":[{"id":2188,"href":"https:\/\/seksissach.ch\/lz_blog\/wp-json\/wp\/v2\/posts\/2162\/revisions\/2188"}],"wp:attachment":[{"href":"https:\/\/seksissach.ch\/lz_blog\/wp-json\/wp\/v2\/media?parent=2162"}],"wp:term":[{"taxonomy":"category","embeddable":true,"href":"https:\/\/seksissach.ch\/lz_blog\/wp-json\/wp\/v2\/categories?post=2162"},{"taxonomy":"post_tag","embeddable":true,"href":"https:\/\/seksissach.ch\/lz_blog\/wp-json\/wp\/v2\/tags?post=2162"},{"taxonomy":"author","embeddable":true,"href":"https:\/\/seksissach.ch\/lz_blog\/wp-json\/wp\/v2\/coauthors?post=2162"}],"curies":[{"name":"wp","href":"https:\/\/api.w.org\/{rel}","templated":true}]}}