{"id":1597,"date":"2019-10-25T10:58:05","date_gmt":"2019-10-25T11:58:05","guid":{"rendered":"https:\/\/seksissach.ch\/lz_blog\/?p=1597"},"modified":"2019-10-24T11:00:50","modified_gmt":"2019-10-24T12:00:50","slug":"nationale-klimademo-28-09-2019","status":"publish","type":"post","link":"https:\/\/seksissach.ch\/lz_blog\/2019\/10\/25\/nationale-klimademo-28-09-2019\/","title":{"rendered":"Nationale Klimademo in Bern"},"content":{"rendered":"<p>Am Samstag, den 28. September fand in Bern die nationale Klimademo statt. Da mich die Umwelt und der Klimawandel sehr besch\u00e4ftigen, war ich dabei. Man vermutete zwar, dass es die gr\u00f6sste Klimademo der Schweiz werden w\u00fcrde und sch\u00e4tzte zuvor, dass circa 60&#8217;000 Personen auf die Strasse gehen werden. Zur Freude aller Aktivisten und Aktivistinnen gingen allerdings \u00fcber 100&#8217;000 Menschen in Bern auf die Strasse. Das Gef\u00fchl, mit so vielen anderen Menschen, die sich ums Klima sorgen, auf der Strasse zu sein, war grossartig. Die Spr\u00fcche auf den Transparenten brachten mich noch mehr zum Nachdenken als ich sowieso schon dar\u00fcber nachdenke. Obwohl ich schon einige Menschen f\u00fcr das Thema Klimawandel und Klimaschutz sensibilisiert habe, w\u00fcrde es mich sehr freuen, wenn sich nach dem Lesen dieses Artikels noch mehr Menschen Gedanken \u00fcber unsere Umwelt machen, und hoffentlich etwas bewusster leben.<\/p>\n<p>Bis zum n\u00e4chsten Mal<\/p>\n<p>Vera<\/p>\n","protected":false},"excerpt":{"rendered":"<p>Am Samstag, den 28. September fand in Bern die nationale Klimademo statt. Da mich die Umwelt und der Klimawandel sehr besch\u00e4ftigen, war ich dabei. Man vermutete zwar, dass es die gr\u00f6sste Klimademo der Schweiz werden w\u00fcrde und sch\u00e4tzte zuvor, dass circa 60&#8217;000 Personen auf die Strasse gehen werden. Zur Freude aller Aktivisten und Aktivistinnen gingen &hellip; <a href=\"https:\/\/seksissach.ch\/lz_blog\/2019\/10\/25\/nationale-klimademo-28-09-2019\/\" class=\"more-link\"><span class=\"screen-reader-text\">Nationale Klimademo in Bern<\/span> weiterlesen<\/a><\/p>\n","protected":false},"author":24,"featured_media":0,"comment_status":"open","ping_status":"open","sticky":false,"template":"","format":"standard","meta":{"footnotes":""},"categories":[1,5],"tags":[],"coauthors":[28],"class_list":["post-1597","post","type-post","status-publish","format-standard","hentry","category-allgemein","category-events"],"jetpack_featured_media_url":"","_links":{"self":[{"href":"https:\/\/seksissach.ch\/lz_blog\/wp-json\/wp\/v2\/posts\/1597","targetHints":{"allow":["GET"]}}],"collection":[{"href":"https:\/\/seksissach.ch\/lz_blog\/wp-json\/wp\/v2\/posts"}],"about":[{"href":"https:\/\/seksissach.ch\/lz_blog\/wp-json\/wp\/v2\/types\/post"}],"author":[{"embeddable":true,"href":"https:\/\/seksissach.ch\/lz_blog\/wp-json\/wp\/v2\/users\/24"}],"replies":[{"embeddable":true,"href":"https:\/\/seksissach.ch\/lz_blog\/wp-json\/wp\/v2\/comments?post=1597"}],"version-history":[{"count":6,"href":"https:\/\/seksissach.ch\/lz_blog\/wp-json\/wp\/v2\/posts\/1597\/revisions"}],"predecessor-version":[{"id":1634,"href":"https:\/\/seksissach.ch\/lz_blog\/wp-json\/wp\/v2\/posts\/1597\/revisions\/1634"}],"wp:attachment":[{"href":"https:\/\/seksissach.ch\/lz_blog\/wp-json\/wp\/v2\/media?parent=1597"}],"wp:term":[{"taxonomy":"category","embeddable":true,"href":"https:\/\/seksissach.ch\/lz_blog\/wp-json\/wp\/v2\/categories?post=1597"},{"taxonomy":"post_tag","embeddable":true,"href":"https:\/\/seksissach.ch\/lz_blog\/wp-json\/wp\/v2\/tags?post=1597"},{"taxonomy":"author","embeddable":true,"href":"https:\/\/seksissach.ch\/lz_blog\/wp-json\/wp\/v2\/coauthors?post=1597"}],"curies":[{"name":"wp","href":"https:\/\/api.w.org\/{rel}","templated":true}]}}