{"id":1083,"date":"2019-04-02T10:25:22","date_gmt":"2019-04-02T11:25:22","guid":{"rendered":"https:\/\/seksissach.ch\/lz_blog\/?p=1083"},"modified":"2019-04-02T11:40:42","modified_gmt":"2019-04-02T12:40:42","slug":"medienkonsum-und-wie-wir-dazu-stehen","status":"publish","type":"post","link":"https:\/\/seksissach.ch\/lz_blog\/2019\/04\/02\/medienkonsum-und-wie-wir-dazu-stehen\/","title":{"rendered":"Medienkonsum und wie wir dazu stehen"},"content":{"rendered":"\t\t<div data-elementor-type=\"wp-post\" data-elementor-id=\"1083\" class=\"elementor elementor-1083 elementor-bc-flex-widget\">\n\t\t\t\t\t\t<section class=\"elementor-section elementor-top-section elementor-element elementor-element-83e7882 elementor-section-boxed elementor-section-height-default elementor-section-height-default\" data-id=\"83e7882\" data-element_type=\"section\" data-e-type=\"section\">\n\t\t\t\t\t\t<div class=\"elementor-container elementor-column-gap-default\">\n\t\t\t\t\t<div class=\"elementor-column elementor-col-100 elementor-top-column elementor-element elementor-element-745e7ce1\" data-id=\"745e7ce1\" data-element_type=\"column\" data-e-type=\"column\">\n\t\t\t<div class=\"elementor-widget-wrap elementor-element-populated\">\n\t\t\t\t\t\t<div class=\"elementor-element elementor-element-913ac31 elementor-widget elementor-widget-text-editor\" data-id=\"913ac31\" data-element_type=\"widget\" data-e-type=\"widget\" data-widget_type=\"text-editor.default\">\n\t\t\t\t<div class=\"elementor-widget-container\">\n\t\t\t\t\t\t\t\t\t<p>In diesem Post diskutieren wir \u00fcber den Handykonsum . Wir zeigen euch jeweils Pro und Kontra zu 3 Fragen. Das noch nicht mal wir eine einheitliche Linie verfolgen, zeigen unsere Antworten. Aber sehr selber:<\/p>\t\t\t\t\t\t\t\t<\/div>\n\t\t\t\t<\/div>\n\t\t\t\t\t<\/div>\n\t\t<\/div>\n\t\t\t\t\t<\/div>\n\t\t<\/section>\n\t\t\t\t<section class=\"elementor-section elementor-top-section elementor-element elementor-element-337d119 elementor-section-boxed elementor-section-height-default elementor-section-height-default\" data-id=\"337d119\" data-element_type=\"section\" data-e-type=\"section\">\n\t\t\t\t\t\t<div class=\"elementor-container elementor-column-gap-default\">\n\t\t\t\t\t<div class=\"elementor-column elementor-col-50 elementor-top-column elementor-element elementor-element-fba79f2\" data-id=\"fba79f2\" data-element_type=\"column\" data-e-type=\"column\">\n\t\t\t<div class=\"elementor-widget-wrap elementor-element-populated\">\n\t\t\t\t\t\t<div class=\"elementor-element elementor-element-b4d6578 elementor-widget elementor-widget-text-editor\" data-id=\"b4d6578\" data-element_type=\"widget\" data-e-type=\"widget\" data-widget_type=\"text-editor.default\">\n\t\t\t\t<div class=\"elementor-widget-container\">\n\t\t\t\t\t\t\t\t\t<p><strong>Pro<\/strong><span style=\"color: #ff0000;\"><br \/><\/span><\/p><p><span style=\"color: #ff0000;\">1. Braucht es das Handy in der Primar?<\/span><\/p><p><span style=\"color: #008000;\">Shadow:<\/span> Ich bin der Meinung, dass wir fr\u00fch lernen sollten, mit einem Handy sinnvoll umzugehen. So ungef\u00e4hr in der Primar, also etwa in der 5. oder 6. Klasse.<\/p><p><span style=\"color: #ff0000;\">2. Soll das Handy \u00fcber Nacht im Zimmer bleiben?<\/span><\/p><p><span style=\"color: #ff00ff;\">Eva:<\/span> Ich finde es okay, wenn man das Handy \u00fcber Nacht nicht abgeben muss, solange man es nicht zu nahe bei sich hat (wegen der Strahlen).<\/p><p><span style=\"color: #ff0000;\"><span style=\"color: #ff0000;\">3. Soll Handyzeit nicht reguliert sein?<\/span><\/span><\/p><p><span style=\"color: #008000;\">Shadow:<\/span> Ich bin daf\u00fcr, weil man selber seinen Alltag planen m\u00fcssen kann. Ausserdem lehrt uns der fr\u00fche Umgang ja Kontrolle.<\/p><p><span style=\"color: #ff0000;\"><span style=\"color: #ff0000;\">\u00a0<\/span><\/span><\/p>\t\t\t\t\t\t\t\t<\/div>\n\t\t\t\t<\/div>\n\t\t\t\t\t<\/div>\n\t\t<\/div>\n\t\t\t\t<div class=\"elementor-column elementor-col-50 elementor-top-column elementor-element elementor-element-41510e2\" data-id=\"41510e2\" data-element_type=\"column\" data-e-type=\"column\">\n\t\t\t<div class=\"elementor-widget-wrap elementor-element-populated\">\n\t\t\t\t\t\t<div class=\"elementor-element elementor-element-46eef49 elementor-widget elementor-widget-text-editor\" data-id=\"46eef49\" data-element_type=\"widget\" data-e-type=\"widget\" data-widget_type=\"text-editor.default\">\n\t\t\t\t<div class=\"elementor-widget-container\">\n\t\t\t\t\t\t\t\t\t<p><strong>Contra<\/strong><\/p><p><span style=\"color: #ff0000;\">1. Braucht es das Handy in der Primar?<\/span><\/p><p><span style=\"color: #ff00ff;\">Eva:<\/span> Ich finde, in der Primar braucht es noch kein Handy. Es ist auch nicht wichtig, so fr\u00fch den Umgang mit einem Handy zu lernen.<\/p><p><span style=\"color: #ff0000;\">2. Soll das Handy \u00fcber Nacht im Zimmer bleiben?<\/span><\/p><p><span style=\"color: #008000;\">Shadow:<\/span> Ich bin dagegen, da man es vor allem in jungen Jahren nicht schafft, das Handy zur Seite zu legen. Als Kind\/Jugendliche braucht man schliesslich viel Schlaf.<\/p><p><span style=\"color: #ff0000;\"><span style=\"color: #ff0000;\">3. Soll Handyzeit nicht reguliert sein?<\/span><\/span><\/p><p><span style=\"color: #ff00ff;\">Eva:<\/span> Ich bin dagegen, weil man sich oft nicht unter Kontrolle hat und es schnell zur Ablenkung wird.<\/p>\t\t\t\t\t\t\t\t<\/div>\n\t\t\t\t<\/div>\n\t\t\t\t\t<\/div>\n\t\t<\/div>\n\t\t\t\t\t<\/div>\n\t\t<\/section>\n\t\t\t\t<\/div>\n\t\t","protected":false},"excerpt":{"rendered":"<p>In diesem Post diskutieren wir \u00fcber den Handykonsum . Wir zeigen euch jeweils Pro und Kontra zu 3 Fragen. Das noch nicht mal wir eine einheitliche Linie verfolgen, zeigen unsere Antworten. Aber sehr selber: Pro 1. Braucht es das Handy in der Primar? Shadow: Ich bin der Meinung, dass wir fr\u00fch lernen sollten, mit einem &hellip; <a href=\"https:\/\/seksissach.ch\/lz_blog\/2019\/04\/02\/medienkonsum-und-wie-wir-dazu-stehen\/\" class=\"more-link\"><span class=\"screen-reader-text\">Medienkonsum und wie wir dazu stehen<\/span> weiterlesen<\/a><\/p>\n","protected":false},"author":7,"featured_media":0,"comment_status":"open","ping_status":"open","sticky":false,"template":"","format":"standard","meta":{"footnotes":""},"categories":[1],"tags":[],"coauthors":[],"class_list":["post-1083","post","type-post","status-publish","format-standard","hentry","category-allgemein"],"jetpack_featured_media_url":"","_links":{"self":[{"href":"https:\/\/seksissach.ch\/lz_blog\/wp-json\/wp\/v2\/posts\/1083","targetHints":{"allow":["GET"]}}],"collection":[{"href":"https:\/\/seksissach.ch\/lz_blog\/wp-json\/wp\/v2\/posts"}],"about":[{"href":"https:\/\/seksissach.ch\/lz_blog\/wp-json\/wp\/v2\/types\/post"}],"author":[{"embeddable":true,"href":"https:\/\/seksissach.ch\/lz_blog\/wp-json\/wp\/v2\/users\/7"}],"replies":[{"embeddable":true,"href":"https:\/\/seksissach.ch\/lz_blog\/wp-json\/wp\/v2\/comments?post=1083"}],"version-history":[{"count":20,"href":"https:\/\/seksissach.ch\/lz_blog\/wp-json\/wp\/v2\/posts\/1083\/revisions"}],"predecessor-version":[{"id":1136,"href":"https:\/\/seksissach.ch\/lz_blog\/wp-json\/wp\/v2\/posts\/1083\/revisions\/1136"}],"wp:attachment":[{"href":"https:\/\/seksissach.ch\/lz_blog\/wp-json\/wp\/v2\/media?parent=1083"}],"wp:term":[{"taxonomy":"category","embeddable":true,"href":"https:\/\/seksissach.ch\/lz_blog\/wp-json\/wp\/v2\/categories?post=1083"},{"taxonomy":"post_tag","embeddable":true,"href":"https:\/\/seksissach.ch\/lz_blog\/wp-json\/wp\/v2\/tags?post=1083"},{"taxonomy":"author","embeddable":true,"href":"https:\/\/seksissach.ch\/lz_blog\/wp-json\/wp\/v2\/coauthors?post=1083"}],"curies":[{"name":"wp","href":"https:\/\/api.w.org\/{rel}","templated":true}]}}